{"id":11772,"date":"2016-09-24T16:18:35","date_gmt":"2016-09-24T14:18:35","guid":{"rendered":"http:\/\/www.bmscience.net\/blog\/?p=11772"},"modified":"2025-05-12T20:26:53","modified_gmt":"2025-05-12T18:26:53","slug":"cose-davvero-la-depressione","status":"publish","type":"post","link":"https:\/\/bmscience.net\/blog\/cose-davvero-la-depressione\/","title":{"rendered":"Cos&#8217;\u00e8 davvero la depressione?"},"content":{"rendered":"\n<p class=\"has-text-align-left\">La <strong>depressione<\/strong> \u00e8 un disturbo dell&#8217;umore che colpisce circa il 15% della popolazione, con maggiore incidenza sulle donne.<\/p>\n\n\n<div class=\"wp-block-image\">\n<figure class=\"alignleft\"><img loading=\"lazy\" decoding=\"async\" width=\"218\" height=\"300\" src=\"http:\/\/www.bmscience.net\/blog\/wp-content\/uploads\/2016\/09\/636055273192000198-2022914364_depression_art-218x300.jpg\" alt=\"636055273192000198-2022914364_depression_art\" class=\"wp-image-11773\" srcset=\"https:\/\/bmscience.net\/blog\/wp-content\/uploads\/2016\/09\/636055273192000198-2022914364_depression_art-218x300.jpg 218w, https:\/\/bmscience.net\/blog\/wp-content\/uploads\/2016\/09\/636055273192000198-2022914364_depression_art-744x1024.jpg 744w, https:\/\/bmscience.net\/blog\/wp-content\/uploads\/2016\/09\/636055273192000198-2022914364_depression_art-768x1058.jpg 768w, https:\/\/bmscience.net\/blog\/wp-content\/uploads\/2016\/09\/636055273192000198-2022914364_depression_art.jpg 1024w\" sizes=\"auto, (max-width: 218px) 100vw, 218px\" \/><\/figure>\n<\/div>\n\n\n<p class=\"has-text-align-left\">L\u2019<strong>episodio<\/strong> <strong>depressivo<\/strong> costituisce una delle esperienze peggiori che si possono avere nella vita. Ci si sente senza speranza, senza poteri n\u00e9 risorse, completamente impotenti di fronte alla vita e alle persone. Mancano le energie per fare qualsiasi attivit\u00e0 e niente sembra essere pi\u00f9 in grado di dare piacere o di interessare. La propria vita appare come un fallimento, un susseguirsi di perdite di cui spesso ci si sente colpevoli.<\/p>\n\n\n\n<p class=\"has-text-align-left\">Vi sono anche forme particolari di disturbo depressivo, come la <strong>depressione post-partum<\/strong>, che hanno loro caratteristiche proprie. In ogni caso, \u00e8 bene tener presente che i sintomi della depressione possono essere talvolta \u201cmascherati\u201d, al punto che nessuno si accorge del problema, talvolta neanche il soggetto stesso, che tende ad attribuirli a normale stanchezza, stress, nervosismo o problemi lavorativi, familiari o di coppia.<\/p>\n\n\n\n<p class=\"has-text-align-left\"><strong><u>SINTOMI<\/u><\/strong><\/p>\n\n\n<div id=\"bmscience3173486814\" style=\"float: right;\"><script async src=\"\/\/pagead2.googlesyndication.com\/pagead\/js\/adsbygoogle.js?client=ca-pub-3495866718878812\" crossorigin=\"anonymous\"><\/script><ins class=\"adsbygoogle\" style=\"display:block;\" data-ad-client=\"ca-pub-3495866718878812\" \ndata-ad-slot=\"7361327101\" \ndata-ad-format=\"auto\" data-full-width-responsive=\"true\"><\/ins>\n<script> \n(adsbygoogle = window.adsbygoogle || []).push({}); \n<\/script>\n<\/div>\n\n\n<p class=\"has-text-align-left\">I sintomi della depressione possono manifestarsi in modo acuto oppure costantemente, anche se in forma leggera, con alcuni improvvisi momenti di peggioramento.<\/p>\n\n\n\n<p class=\"has-text-align-left\">Generalmente chi soffre di depressione mostra un umore depresso, una marcata tristezza quasi quotidiana e tende a non riuscire pi\u00f9 a provare lo stesso piacere nelle attivit\u00e0 che provava prima. Le persone che soffrono di depressione, si sentono sempre gi\u00f9, l\u2019umore ed i pensieri sono sempre negativi. Sembra che presentino un vero e proprio dolore di vivere, che li porta non riuscire a godersi pi\u00f9 nulla.<\/p>\n\n\n\n<p class=\"has-text-align-left\">Oltre a questi sintomi di depressione primari, si presentano dei <strong>sintomi secondari<\/strong>, quali:<\/p>\n\n\n\n<ul class=\"wp-block-list\">\n<li>appetito aumentato o diminuito;<\/li>\n\n\n\n<li>aumento o diminuzione del sonno;<\/li>\n\n\n\n<li>marcato rallentamento motorio o, al contrario, marcata agitazione;<\/li>\n\n\n\n<li>marcata affaticabilit\u00e0;<\/li>\n\n\n\n<li>ridotta capacit\u00e0 di concentrarsi;<\/li>\n\n\n\n<li>tendenza molto forte ad incolparsi, a svalutarsi;<\/li>\n\n\n\n<li>tendenza a pensare al suicidio.<\/li>\n<\/ul>\n\n\n<div id=\"bmscience3411655742\" style=\"margin-top: 15px;margin-bottom: 15px;margin-left: auto;margin-right: auto;text-align: center;\"><a href=\"https:\/\/amzn.to\/3GJgM4z\" target=\"_blank\" aria-label=\"81dBAutH25L._SX3000_\"><img loading=\"lazy\" decoding=\"async\" src=\"https:\/\/bmscience.net\/blog\/wp-content\/uploads\/2025\/05\/81dBAutH25L._SX3000_.jpg\" alt=\"\"  srcset=\"https:\/\/bmscience.net\/blog\/wp-content\/uploads\/2025\/05\/81dBAutH25L._SX3000_.jpg 2313w, https:\/\/bmscience.net\/blog\/wp-content\/uploads\/2025\/05\/81dBAutH25L._SX3000_-300x62.jpg 300w, https:\/\/bmscience.net\/blog\/wp-content\/uploads\/2025\/05\/81dBAutH25L._SX3000_-1024x213.jpg 1024w, https:\/\/bmscience.net\/blog\/wp-content\/uploads\/2025\/05\/81dBAutH25L._SX3000_-768x160.jpg 768w, https:\/\/bmscience.net\/blog\/wp-content\/uploads\/2025\/05\/81dBAutH25L._SX3000_-1536x319.jpg 1536w, https:\/\/bmscience.net\/blog\/wp-content\/uploads\/2025\/05\/81dBAutH25L._SX3000_-2048x426.jpg 2048w\" sizes=\"auto, (max-width: 2313px) 100vw, 2313px\" width=\"2313\" height=\"481\"  style=\"display: inline-block;\" \/><\/a><\/div>\n\n\n<p><strong><u>CAUSE<\/u><\/strong><\/p>\n\n\n\n<p class=\"has-text-align-left\">Le cause della depressione possono essere molteplici e diverse da persona a persona (ereditariet\u00e0, ambiente sociale, lutti familiari, problemi di lavoro, ecc\u2026). Le ricerche mostrano tuttavia la presenza di due fattori di rischio principali come cause della depressione:<\/p>\n\n\n<div id=\"bmscience1683709587\" style=\"margin-top: 15px;margin-left: 15px;float: right;\"><a href=\"https:\/\/amzn.to\/3TWDSbb\" target=\"_blank\" aria-label=\"apple watch\"><img loading=\"lazy\" decoding=\"async\" src=\"https:\/\/bmscience.net\/blog\/wp-content\/uploads\/2025\/07\/apple-watch.gif\" alt=\"\"  width=\"300\" height=\"250\"   \/><\/a><\/div>\n\n\n<ul class=\"wp-block-list\">\n<li>il <strong>fattore biologico<\/strong>, poich\u00e9 alcune persone nascono con una maggiore predisposizione genetica verso la depressione;<\/li>\n\n\n\n<li>il <strong>fattore psicologico<\/strong>, dato che le esperienze e i comportamenti appresi nel corso della propria storia di vita possono rendere vulnerabili alla depressione.<\/li>\n<\/ul>\n\n\n\n<p class=\"has-text-align-left\">La vulnerabilit\u00e0 biologica e quella psicologica interagiscono tra di loro e non necessariamente portano allo sviluppo del disturbo. Una persona vulnerabile pu\u00f2 non ammalarsi mai di depressione, se non capita qualcosa in grado di scatenare il disturbo. Il <strong>fattore scatenante<\/strong> \u00e8 spesso qualche evento stressante o qualche tensione importante che turba la vita e che \u00e8 valutata in termini di perdita importante e non accettabile.<\/p>\n\n\n\n<p class=\"has-text-align-left\"><strong><u>CURA<\/u><\/strong><\/p>\n\n\n\n<p class=\"has-text-align-left\">La <strong>Psicoterapia Cognitivo-Comportamentale<\/strong> (<strong>TCC<\/strong>) ha mostrato scientificamente una buona efficacia sia sui sintomi acuti che sulla ricorrenza.<\/p>\n\n\n\n<p class=\"has-text-align-left\">Da un lato, si cerca di modificare i pensieri negativi che possono sostenere la depressione, aiutando la persona a sviluppare una modalit\u00e0 di pensiero pi\u00f9 equilibrata e razionale. Dall\u2019altro lato, si aiutano le persone a costruire migliori abilit\u00e0 per affrontare le difficolt\u00e0 quotidiane che hanno portato la persona ad essere depressa.<\/p>\n\n\n\n<p class=\"has-text-align-left\">La cura della depressione, quindi, invita la persona a riprendere gradualmente le attivit\u00e0 che sono state abbandonate, magari cominciando da quelle pi\u00f9 piacevoli, a sviluppare comportamenti pi\u00f9 funzionali per risolvere i propri problemi, a pensare in modo pi\u00f9 equilibrato e razionale.<\/p>\n\n\n<div class=\"wp-block-image\">\n<figure class=\"alignleft size-full is-resized\"><img loading=\"lazy\" decoding=\"async\" width=\"772\" height=\"434\" src=\"https:\/\/www.bmscience.net\/blog\/wp-content\/uploads\/2016\/09\/pillole_2089-772x434-1.jpg\" alt=\"\" class=\"wp-image-11774\" style=\"width:316px;height:auto\" srcset=\"https:\/\/bmscience.net\/blog\/wp-content\/uploads\/2016\/09\/pillole_2089-772x434-1.jpg 772w, https:\/\/bmscience.net\/blog\/wp-content\/uploads\/2016\/09\/pillole_2089-772x434-1-300x169.jpg 300w, https:\/\/bmscience.net\/blog\/wp-content\/uploads\/2016\/09\/pillole_2089-772x434-1-768x432.jpg 768w\" sizes=\"auto, (max-width: 772px) 100vw, 772px\" \/><\/figure>\n<\/div>\n\n\n<p class=\"has-text-align-left\">A volte \u00e8 necessario associare la TCC ai <strong>farmaci antidepressivi<\/strong> o ai regolatori dell&#8217;umore, aumentando cos\u00ec l&#8217;efficacia della cura.<\/p>\n\n\n\n<p class=\"has-text-align-left\">Nella cura farmacologica della depressione vengono impiegate numerose classi di farmaci antidepressivi come gli <strong>inibitori della ricaptazione della serotonina<\/strong> (<strong>SSRI<\/strong>). Nelle forme resistenti possono essere utilizzate associazioni con stabilizzanti dell\u2019umore e in alcuni casi con ormoni tiroidei. Inoltre l\u2019uso di antipsicotici, in associazione agli antidepressivi, \u00e8 giustificata nei casi in cui il quadro depressivo si presenta con sintomi psicotici.<\/p>\n\n\n\n<blockquote class=\"wp-block-quote is-layout-flow wp-block-quote-is-layout-flow\">\n<p>Fonte: <a href=\"http:\/\/www.apc.it\/depressione\/depressione\">APC<\/a>&nbsp;&#8211; <a href=\"http:\/\/www.ipsico.it\/sintomi-cura\/depressione\/\">IPSICO<\/a><\/p>\n<\/blockquote>\n\n\n<div id=\"bmscience3776388701\" style=\"margin-top: 15px;margin-bottom: 15px;margin-left: auto;margin-right: auto;text-align: center;\"><div data-id='24174' class='amazon-auto-links aal-js-loading'><p class='now-loading-placeholder'>Caricamento&#8230;.<\/p><\/div><\/div>","protected":false},"excerpt":{"rendered":"<p>La depressione \u00e8 un disturbo dell&#8217;umore che colpisce circa il 15% della popolazione, con maggiore incidenza sulle donne. L\u2019episodio depressivo costituisce una delle esperienze peggiori che si possono avere nella vita. Ci si sente senza speranza, senza poteri n\u00e9 risorse, completamente impotenti di fronte alla vita e alle persone. Mancano le energie per fare qualsiasi&hellip;<\/p>\n<p class=\"more\"><a class=\"more-link\" href=\"https:\/\/bmscience.net\/blog\/cose-davvero-la-depressione\/\">Continue reading <span class=\"screen-reader-text\">Cos&#8217;\u00e8 davvero la depressione?<\/span><\/a><\/p>\n","protected":false},"author":1,"featured_media":11778,"comment_status":"open","ping_status":"open","sticky":false,"template":"","format":"standard","meta":{"advgb_blocks_editor_width":"","advgb_blocks_columns_visual_guide":"","footnotes":""},"categories":[72],"tags":[608,2234,2442,3049,7102,7320],"class_list":["post-11772","post","type-post","status-publish","format-standard","has-post-thumbnail","hentry","category-psicologia","tag-antidepressivi","tag-depressione","tag-disturbo-dellumore","tag-farmacoterapia","tag-ssri","tag-tcc","entry"],"author_meta":{"display_name":"Admin","author_link":"https:\/\/bmscience.net\/blog\/author\/user\/"},"featured_img":"https:\/\/bmscience.net\/blog\/wp-content\/uploads\/2016\/09\/Depression-1-300x216.jpg","coauthors":[],"tax_additional":{"categories":{"linked":["<a href=\"https:\/\/bmscience.net\/blog\/category\/scienze-umane\/psicologia\/\" class=\"advgb-post-tax-term\">Psicologia<\/a>"],"unlinked":["<span class=\"advgb-post-tax-term\">Psicologia<\/span>"]},"tags":{"linked":["<a href=\"https:\/\/bmscience.net\/blog\/category\/scienze-umane\/psicologia\/\" class=\"advgb-post-tax-term\">antidepressivi<\/a>","<a href=\"https:\/\/bmscience.net\/blog\/category\/scienze-umane\/psicologia\/\" class=\"advgb-post-tax-term\">depressione<\/a>","<a href=\"https:\/\/bmscience.net\/blog\/category\/scienze-umane\/psicologia\/\" class=\"advgb-post-tax-term\">disturbo dell&#039;umore<\/a>","<a href=\"https:\/\/bmscience.net\/blog\/category\/scienze-umane\/psicologia\/\" class=\"advgb-post-tax-term\">farmacoterapia<\/a>","<a href=\"https:\/\/bmscience.net\/blog\/category\/scienze-umane\/psicologia\/\" class=\"advgb-post-tax-term\">SSRI<\/a>","<a href=\"https:\/\/bmscience.net\/blog\/category\/scienze-umane\/psicologia\/\" class=\"advgb-post-tax-term\">TCC<\/a>"],"unlinked":["<span class=\"advgb-post-tax-term\">antidepressivi<\/span>","<span class=\"advgb-post-tax-term\">depressione<\/span>","<span class=\"advgb-post-tax-term\">disturbo dell&#039;umore<\/span>","<span class=\"advgb-post-tax-term\">farmacoterapia<\/span>","<span class=\"advgb-post-tax-term\">SSRI<\/span>","<span class=\"advgb-post-tax-term\">TCC<\/span>"]}},"comment_count":"0","relative_dates":{"created":"Pubblicato 10 anni fa","modified":"Aggiornato 12 mesi fa"},"absolute_dates":{"created":"Pubblicato il 24\/09\/2016","modified":"Aggiornato il 12\/05\/2025"},"absolute_dates_time":{"created":"Pubblicato il 24\/09\/2016 16:18","modified":"Aggiornato il 12\/05\/2025 20:26"},"featured_img_caption":"","series_order":"","_links":{"self":[{"href":"https:\/\/bmscience.net\/blog\/wp-json\/wp\/v2\/posts\/11772","targetHints":{"allow":["GET"]}}],"collection":[{"href":"https:\/\/bmscience.net\/blog\/wp-json\/wp\/v2\/posts"}],"about":[{"href":"https:\/\/bmscience.net\/blog\/wp-json\/wp\/v2\/types\/post"}],"author":[{"embeddable":true,"href":"https:\/\/bmscience.net\/blog\/wp-json\/wp\/v2\/users\/1"}],"replies":[{"embeddable":true,"href":"https:\/\/bmscience.net\/blog\/wp-json\/wp\/v2\/comments?post=11772"}],"version-history":[{"count":1,"href":"https:\/\/bmscience.net\/blog\/wp-json\/wp\/v2\/posts\/11772\/revisions"}],"predecessor-version":[{"id":23583,"href":"https:\/\/bmscience.net\/blog\/wp-json\/wp\/v2\/posts\/11772\/revisions\/23583"}],"wp:featuredmedia":[{"embeddable":true,"href":"https:\/\/bmscience.net\/blog\/wp-json\/wp\/v2\/media\/11778"}],"wp:attachment":[{"href":"https:\/\/bmscience.net\/blog\/wp-json\/wp\/v2\/media?parent=11772"}],"wp:term":[{"taxonomy":"category","embeddable":true,"href":"https:\/\/bmscience.net\/blog\/wp-json\/wp\/v2\/categories?post=11772"},{"taxonomy":"post_tag","embeddable":true,"href":"https:\/\/bmscience.net\/blog\/wp-json\/wp\/v2\/tags?post=11772"}],"curies":[{"name":"wp","href":"https:\/\/api.w.org\/{rel}","templated":true}]}}