{"id":20733,"date":"2024-04-16T18:01:15","date_gmt":"2024-04-16T16:01:15","guid":{"rendered":"https:\/\/bmscience.net\/blog\/?p=20733"},"modified":"2024-04-16T18:01:15","modified_gmt":"2024-04-16T16:01:15","slug":"la-sindrome-da-distress-respiratorio-nelladulto-ards-e-la-tubercolosi-tbc-in-radiologia","status":"publish","type":"post","link":"https:\/\/bmscience.net\/blog\/la-sindrome-da-distress-respiratorio-nelladulto-ards-e-la-tubercolosi-tbc-in-radiologia\/","title":{"rendered":"La sindrome da distress respiratorio nell&#8217;adulto (ARDS) e la tubercolosi (TBC) in radiologia"},"content":{"rendered":"<div class=\"wp-block-image\">\n<figure class=\"alignright size-full\"><img loading=\"lazy\" decoding=\"async\" width=\"335\" height=\"314\" src=\"https:\/\/bmscience.net\/blog\/wp-content\/uploads\/2024\/04\/RX-torace-in-proiezione-AP.-ARDS.png\" alt=\"\" class=\"wp-image-20734\" srcset=\"https:\/\/bmscience.net\/blog\/wp-content\/uploads\/2024\/04\/RX-torace-in-proiezione-AP.-ARDS.png 335w, https:\/\/bmscience.net\/blog\/wp-content\/uploads\/2024\/04\/RX-torace-in-proiezione-AP.-ARDS-300x281.png 300w\" sizes=\"auto, (max-width: 335px) 100vw, 335px\" \/><figcaption class=\"wp-element-caption\">RX torace in proiezione AP. ARDS<\/figcaption><\/figure>\n<\/div>\n\n\n<p>La sindrome da distress respiratorio dell\u2019adulto (<strong>ARDS<\/strong>) \u00e8 una condizione patologica che si manifesta come un <strong>edema <\/strong>dovuto ad un\u2019aumentata permeabilit\u00e0. Questo fenomeno \u00e8 secondario a molteplici condizioni patologiche e comporta l\u2019accumulo nello spazio extravascolare di un liquido ad elevato contenuto proteico. Questo \u00e8 un segno della perdita d\u2019integrit\u00e0 dell\u2019endotelio microvascolare.<\/p>\n\n\n\n<p>I reperti radiologici dell\u2019ARDS sono rappresentati da opacit\u00e0 a vetro smerigliato o alveolari, bilaterali, prevalentemente periferiche, con distribuzione \u201ca chiazze\u201d, tendenti alla confluenza. La morfovolumetria cardiaca \u00e8 in genere nella norma e il versamento pleurico \u00e8 assente o di modica entit\u00e0.<\/p>\n\n\n<div id=\"bmscience218775181\" style=\"margin-top: 15px;margin-bottom: 15px;margin-left: auto;margin-right: auto;text-align: center;\"><a href=\"https:\/\/amzn.to\/4l5awDk\" target=\"_blank\" aria-label=\"ezgif-274b711575da66\"><img loading=\"lazy\" decoding=\"async\" src=\"https:\/\/bmscience.net\/blog\/wp-content\/uploads\/2025\/06\/ezgif-274b711575da66.gif\" alt=\"\"  width=\"800\" height=\"160\"  style=\"display: inline-block;\" \/><\/a><\/div>\n\n\n<h2 id=\"rtoc-1\"  class=\"wp-block-heading\"><span class=\"ez-toc-section\" id=\"Tubercolosi\"><\/span><strong>Tubercolosi<\/strong><span class=\"ez-toc-section-end\"><\/span><\/h2>\n\n\n\n<p>La tubercolosi \u00e8 una malattia infettiva che pu\u00f2 presentarsi in due forme principali: primaria e post-primaria.<\/p>\n\n\n<div class=\"wp-block-image\">\n<figure class=\"alignright size-full is-resized\"><a href=\"https:\/\/amzn.to\/3IIrglK\" target=\"_blank\" rel=\"noreferrer noopener\"><img loading=\"lazy\" decoding=\"async\" width=\"594\" height=\"856\" src=\"https:\/\/www.bmscience.net\/blog\/wp-content\/uploads\/2024\/03\/51RIJvuVgL.jpg\" alt=\"\" class=\"wp-image-24744\" style=\"width:151px;height:auto\" srcset=\"https:\/\/bmscience.net\/blog\/wp-content\/uploads\/2024\/03\/51RIJvuVgL.jpg 594w, https:\/\/bmscience.net\/blog\/wp-content\/uploads\/2024\/03\/51RIJvuVgL-208x300.jpg 208w\" sizes=\"auto, (max-width: 594px) 100vw, 594px\" \/><\/a><figcaption class=\"wp-element-caption\"><strong><a href=\"https:\/\/amzn.to\/4aMT80X\" target=\"_blank\" rel=\"noreferrer noopener\">Acquista ora<\/a><\/strong><\/figcaption><\/figure>\n<\/div>\n\n\n<h3 id=\"rtoc-2\"  class=\"wp-block-heading\"><span class=\"ez-toc-section\" id=\"Tubercolosi_Primaria\"><\/span><strong>Tubercolosi Primaria<\/strong><span class=\"ez-toc-section-end\"><\/span><\/h3>\n\n\n\n<p>Il quadro radiologico della <strong>tubercolosi primaria<\/strong> \u00e8 caratterizzato dalla presenza di un focolaio di tenue addensamento parenchimale, nodulare, a margini regolari. Questo \u00e8 spesso difficile da riconoscere, sia per la scarsa entit\u00e0 dell\u2019essudazione, sia per la regressione molto precoce. Concomita un allargamento dell\u2019ilo omolaterale, per la comparsa di opacit\u00e0 omogenee, a contorni netti, ondulati o policiclici, espressione della linfoadenopatia consensuale, con strie linfangitiche interstiziali, che collegano la localizzazione parenchimale a quella ilare. Le lesioni del complesso primario tendono a regredire, pi\u00f9 spesso con evoluzione fibro-calcifica. Possono residuarne, pertanto, piccole opacit\u00e0 calcifiche parenchimali e ilari.<\/p>\n\n\n\n<div class=\"wp-block-columns are-vertically-aligned-center is-layout-flex wp-container-core-columns-is-layout-9d6595d7 wp-block-columns-is-layout-flex\">\n<div class=\"wp-block-column is-vertically-aligned-center is-layout-flow wp-block-column-is-layout-flow\"><div class=\"wp-block-image\">\n<figure class=\"aligncenter size-full is-resized\"><img loading=\"lazy\" decoding=\"async\" width=\"535\" height=\"348\" src=\"https:\/\/bmscience.net\/blog\/wp-content\/uploads\/2024\/04\/TC-torace.-Complesso-primario-di-Ghon.-Linfoadenopatie-ilari-parzialmente-calcifiche-a-sinistra.png\" alt=\"\" class=\"wp-image-20735\" style=\"width:422px;height:auto\" srcset=\"https:\/\/bmscience.net\/blog\/wp-content\/uploads\/2024\/04\/TC-torace.-Complesso-primario-di-Ghon.-Linfoadenopatie-ilari-parzialmente-calcifiche-a-sinistra.png 535w, https:\/\/bmscience.net\/blog\/wp-content\/uploads\/2024\/04\/TC-torace.-Complesso-primario-di-Ghon.-Linfoadenopatie-ilari-parzialmente-calcifiche-a-sinistra-300x195.png 300w\" sizes=\"auto, (max-width: 535px) 100vw, 535px\" \/><figcaption class=\"wp-element-caption\">TC torace. Complesso primario di Ghon. Linfoadenopatie ilari parzialmente calcifiche a sinistra<\/figcaption><\/figure>\n<\/div><\/div>\n\n\n\n<div class=\"wp-block-column is-vertically-aligned-center is-layout-flow wp-block-column-is-layout-flow\"><div class=\"wp-block-image\">\n<figure class=\"aligncenter size-full is-resized\"><img loading=\"lazy\" decoding=\"async\" width=\"538\" height=\"371\" src=\"https:\/\/bmscience.net\/blog\/wp-content\/uploads\/2024\/04\/TC-torace.-Complesso-primario-di-Ghon.-Nodulo-parenchimale-parzialmente-calcifico.png\" alt=\"\" class=\"wp-image-20736\" style=\"width:402px;height:auto\" srcset=\"https:\/\/bmscience.net\/blog\/wp-content\/uploads\/2024\/04\/TC-torace.-Complesso-primario-di-Ghon.-Nodulo-parenchimale-parzialmente-calcifico.png 538w, https:\/\/bmscience.net\/blog\/wp-content\/uploads\/2024\/04\/TC-torace.-Complesso-primario-di-Ghon.-Nodulo-parenchimale-parzialmente-calcifico-300x207.png 300w\" sizes=\"auto, (max-width: 538px) 100vw, 538px\" \/><figcaption class=\"wp-element-caption\">TC torace. Complesso primario di Ghon. Nodulo parenchimale parzialmente calcifico.<\/figcaption><\/figure>\n<\/div><\/div>\n<\/div>\n\n\n\n<h3 id=\"rtoc-3\"  class=\"wp-block-heading\"><span class=\"ez-toc-section\" id=\"Tubercolosi_Post-primaria\"><\/span><strong>Tubercolosi Post-primaria<\/strong><span class=\"ez-toc-section-end\"><\/span><\/h3>\n\n\n\n<p>La tubercolosi <strong>post-primaria<\/strong> presenta diversi quadri radiologici:<\/p>\n\n\n<div class=\"wp-block-image\">\n<figure class=\"alignright size-full\"><img loading=\"lazy\" decoding=\"async\" width=\"335\" height=\"236\" src=\"https:\/\/bmscience.net\/blog\/wp-content\/uploads\/2024\/04\/TBC-miliare.png\" alt=\"\" class=\"wp-image-20737\" srcset=\"https:\/\/bmscience.net\/blog\/wp-content\/uploads\/2024\/04\/TBC-miliare.png 335w, https:\/\/bmscience.net\/blog\/wp-content\/uploads\/2024\/04\/TBC-miliare-300x211.png 300w\" sizes=\"auto, (max-width: 335px) 100vw, 335px\" \/><figcaption class=\"wp-element-caption\">TBC miliare<\/figcaption><\/figure>\n<\/div>\n\n\n<ul class=\"wp-block-list\">\n<li><em><strong>Polmonite<\/strong> e <strong>broncopolmonite tubercolare<\/strong><\/em>: queste condizioni derivano dalla disseminazione broncogena dei micobatteri e difficilmente possono essere differenziate da altri processi broncopneumonici di natura batterica. L\u2019essudazione pu\u00f2 interessare un intero lobo, di solito il superiore destro (<strong>lobite tubercolare<\/strong>), oppure pu\u00f2 determinare la comparsa di multiple fini opacit\u00e0 alveolari, diffuse bilateralmente, a margini sfumati, tendenti a confluire, con precoce evoluzione verso la caseosi e la <strong>cavernizzazione<\/strong>.<\/li>\n\n\n\n<li><em><strong>Caverne tubercolari<\/strong><\/em>: Queste sono la manifestazione evolutiva pi\u00f9 tipica della malattia. Appaiono come formazioni iperdiafane, pi\u00f9 spesso localizzate in corrispondenza dei lobi polmonari superiori, di dimensioni variabili, a margini netti e superficie interna regolare, contenenti calcificazioni e\/o livelli idro-aerei. Possono evidenziarsi alterazioni parenchimali pericavitarie, quali strie fibrotiche o lesioni nodulari. Inabituale, ma sempre significativo di TBC, \u00e8 il riconoscimento del bronco di drenaggio della caverna.<\/li>\n\n\n\n<li><em><strong>TBC miliare<\/strong><\/em>: Questa condizione deriva dalla disseminazione linfoematogena dei micobatteri ed \u00e8 caratterizzata dalla comparsa di numerose piccole opacit\u00e0 interstiziali nodulari, localizzate in corrispondenza dei setti interlobulari o all\u2019interno del lobulo secondario, a margini sfumati, con aspetto \u201ca grani di miglio\u201d, tendenti a confluire.<\/li>\n<\/ul>\n\n\n\n<blockquote class=\"wp-block-quote is-layout-flow wp-block-quote-is-layout-flow\">\n<p>Fonte: <a href=\"https:\/\/amzn.to\/496liCI\" target=\"_blank\" rel=\"noreferrer noopener\">Manuale di radiologia. Concorso Nazionale SSM<\/a>.<\/p>\n<\/blockquote>\n\n\n<div id=\"bmscience350324993\" style=\"margin-top: 15px;margin-bottom: 15px;margin-left: auto;margin-right: auto;text-align: center;\"><a href=\"https:\/\/amzn.to\/3UQ9uj7\" target=\"_blank\" aria-label=\"Version 1.0.0\"><img loading=\"lazy\" decoding=\"async\" src=\"https:\/\/bmscience.net\/blog\/wp-content\/uploads\/2025\/08\/8ec2e20b-1922-465c-8bd8-35d30c39edca.jpg\" alt=\"\"  srcset=\"https:\/\/bmscience.net\/blog\/wp-content\/uploads\/2025\/08\/8ec2e20b-1922-465c-8bd8-35d30c39edca.jpg 1940w, https:\/\/bmscience.net\/blog\/wp-content\/uploads\/2025\/08\/8ec2e20b-1922-465c-8bd8-35d30c39edca-300x77.jpg 300w, https:\/\/bmscience.net\/blog\/wp-content\/uploads\/2025\/08\/8ec2e20b-1922-465c-8bd8-35d30c39edca-1024x264.jpg 1024w, https:\/\/bmscience.net\/blog\/wp-content\/uploads\/2025\/08\/8ec2e20b-1922-465c-8bd8-35d30c39edca-768x198.jpg 768w, https:\/\/bmscience.net\/blog\/wp-content\/uploads\/2025\/08\/8ec2e20b-1922-465c-8bd8-35d30c39edca-1536x396.jpg 1536w\" sizes=\"auto, (max-width: 1940px) 100vw, 1940px\" width=\"1940\" height=\"500\"  style=\"display: inline-block;\" \/><\/a><\/div>","protected":false},"excerpt":{"rendered":"<p>La sindrome da distress respiratorio dell\u2019adulto (ARDS) \u00e8 una condizione patologica che si manifesta come un edema dovuto ad un\u2019aumentata permeabilit\u00e0. Questo fenomeno \u00e8 secondario a molteplici condizioni patologiche e comporta l\u2019accumulo nello spazio extravascolare di un liquido ad elevato contenuto proteico. Questo \u00e8 un segno della perdita d\u2019integrit\u00e0 dell\u2019endotelio microvascolare. I reperti radiologici dell\u2019ARDS&hellip;<\/p>\n<p class=\"more\"><a class=\"more-link\" href=\"https:\/\/bmscience.net\/blog\/la-sindrome-da-distress-respiratorio-nelladulto-ards-e-la-tubercolosi-tbc-in-radiologia\/\">Continue reading <span class=\"screen-reader-text\">La sindrome da distress respiratorio nell&#8217;adulto (ARDS) e la tubercolosi (TBC) in radiologia<\/span><\/a><\/p>\n","protected":false},"author":4,"featured_media":0,"comment_status":"closed","ping_status":"open","sticky":false,"template":"","format":"standard","meta":{"advgb_blocks_editor_width":"","advgb_blocks_columns_visual_guide":"","footnotes":""},"categories":[1],"tags":[8529,8532,8535,8533,2577,8534,5835,8531,8530,8536,8537,7688,7693],"class_list":["post-20733","post","type-post","status-publish","format-standard","hentry","category-uncategorized","tag-ards","tag-broncopolmonite-tubercolare","tag-caverne-tubercolari","tag-complesso-primario-di-ghon","tag-edema","tag-lobite-tubercolare","tag-polmonite","tag-post-primaria","tag-sindrome-da-distress-respiratorio-nelladulto","tag-tbc","tag-tbc-miliare","tag-tubercolosi","tag-tubercolosi-primaria","entry"],"author_meta":{"display_name":"Raffo Coco","author_link":"https:\/\/bmscience.net\/blog\/author\/raffo\/"},"featured_img":null,"coauthors":[],"tax_additional":{"categories":{"linked":["<a href=\"https:\/\/bmscience.net\/blog\/category\/uncategorized\/\" class=\"advgb-post-tax-term\">Senza Categoria<\/a>"],"unlinked":["<span class=\"advgb-post-tax-term\">Senza Categoria<\/span>"]},"tags":{"linked":["<a href=\"https:\/\/bmscience.net\/blog\/category\/uncategorized\/\" class=\"advgb-post-tax-term\">ARDS<\/a>","<a href=\"https:\/\/bmscience.net\/blog\/category\/uncategorized\/\" class=\"advgb-post-tax-term\">broncopolmonite tubercolare<\/a>","<a href=\"https:\/\/bmscience.net\/blog\/category\/uncategorized\/\" class=\"advgb-post-tax-term\">Caverne tubercolari<\/a>","<a href=\"https:\/\/bmscience.net\/blog\/category\/uncategorized\/\" class=\"advgb-post-tax-term\">Complesso primario di Ghon<\/a>","<a href=\"https:\/\/bmscience.net\/blog\/category\/uncategorized\/\" class=\"advgb-post-tax-term\">edema<\/a>","<a href=\"https:\/\/bmscience.net\/blog\/category\/uncategorized\/\" class=\"advgb-post-tax-term\">lobite tubercolare<\/a>","<a href=\"https:\/\/bmscience.net\/blog\/category\/uncategorized\/\" class=\"advgb-post-tax-term\">polmonite<\/a>","<a href=\"https:\/\/bmscience.net\/blog\/category\/uncategorized\/\" class=\"advgb-post-tax-term\">post-primaria<\/a>","<a href=\"https:\/\/bmscience.net\/blog\/category\/uncategorized\/\" class=\"advgb-post-tax-term\">sindrome da distress respiratorio nell&#039;adulto<\/a>","<a href=\"https:\/\/bmscience.net\/blog\/category\/uncategorized\/\" class=\"advgb-post-tax-term\">TBC<\/a>","<a href=\"https:\/\/bmscience.net\/blog\/category\/uncategorized\/\" class=\"advgb-post-tax-term\">TBC miliare<\/a>","<a href=\"https:\/\/bmscience.net\/blog\/category\/uncategorized\/\" class=\"advgb-post-tax-term\">tubercolosi<\/a>","<a href=\"https:\/\/bmscience.net\/blog\/category\/uncategorized\/\" class=\"advgb-post-tax-term\">tubercolosi primaria<\/a>"],"unlinked":["<span class=\"advgb-post-tax-term\">ARDS<\/span>","<span class=\"advgb-post-tax-term\">broncopolmonite tubercolare<\/span>","<span class=\"advgb-post-tax-term\">Caverne tubercolari<\/span>","<span class=\"advgb-post-tax-term\">Complesso primario di Ghon<\/span>","<span class=\"advgb-post-tax-term\">edema<\/span>","<span class=\"advgb-post-tax-term\">lobite tubercolare<\/span>","<span class=\"advgb-post-tax-term\">polmonite<\/span>","<span class=\"advgb-post-tax-term\">post-primaria<\/span>","<span class=\"advgb-post-tax-term\">sindrome da distress respiratorio nell&#039;adulto<\/span>","<span class=\"advgb-post-tax-term\">TBC<\/span>","<span class=\"advgb-post-tax-term\">TBC miliare<\/span>","<span class=\"advgb-post-tax-term\">tubercolosi<\/span>","<span class=\"advgb-post-tax-term\">tubercolosi primaria<\/span>"]}},"comment_count":"0","relative_dates":{"created":"Pubblicato 2 anni fa","modified":"Aggiornato 2 anni fa"},"absolute_dates":{"created":"Pubblicato il 16\/04\/2024","modified":"Aggiornato il 16\/04\/2024"},"absolute_dates_time":{"created":"Pubblicato il 16\/04\/2024 18:01","modified":"Aggiornato il 16\/04\/2024 18:01"},"featured_img_caption":"","series_order":"","_links":{"self":[{"href":"https:\/\/bmscience.net\/blog\/wp-json\/wp\/v2\/posts\/20733","targetHints":{"allow":["GET"]}}],"collection":[{"href":"https:\/\/bmscience.net\/blog\/wp-json\/wp\/v2\/posts"}],"about":[{"href":"https:\/\/bmscience.net\/blog\/wp-json\/wp\/v2\/types\/post"}],"author":[{"embeddable":true,"href":"https:\/\/bmscience.net\/blog\/wp-json\/wp\/v2\/users\/4"}],"replies":[{"embeddable":true,"href":"https:\/\/bmscience.net\/blog\/wp-json\/wp\/v2\/comments?post=20733"}],"version-history":[{"count":0,"href":"https:\/\/bmscience.net\/blog\/wp-json\/wp\/v2\/posts\/20733\/revisions"}],"wp:attachment":[{"href":"https:\/\/bmscience.net\/blog\/wp-json\/wp\/v2\/media?parent=20733"}],"wp:term":[{"taxonomy":"category","embeddable":true,"href":"https:\/\/bmscience.net\/blog\/wp-json\/wp\/v2\/categories?post=20733"},{"taxonomy":"post_tag","embeddable":true,"href":"https:\/\/bmscience.net\/blog\/wp-json\/wp\/v2\/tags?post=20733"}],"curies":[{"name":"wp","href":"https:\/\/api.w.org\/{rel}","templated":true}]}}